{"id":827,"date":"2025-11-03T11:08:00","date_gmt":"2025-11-03T10:08:00","guid":{"rendered":"https:\/\/pmk.click.si\/?p=827"},"modified":"2025-12-09T11:11:10","modified_gmt":"2025-12-09T10:11:10","slug":"ogled-dokumentarnega-filma-in-vodstvo-po-razstavi-z-dr-salvatorjem-zitkom","status":"publish","type":"post","link":"https:\/\/pokrajinskimuzejkoper.si\/en\/ogled-dokumentarnega-filma-in-vodstvo-po-razstavi-z-dr-salvatorjem-zitkom\/","title":{"rendered":"Ogled dokumentarnega filma in vodstvo po razstavi z dr. Salvatorjem \u017ditkom"},"content":{"rendered":"<p><strong>VABILO \/ INVITO<\/strong><\/p>\n\n\n\n<p><strong>Ogled dokumentarnega filma o Paulu Val\u00e9ryju in vodstvo po razstavi z dr. Salvatorjem \u017ditkom<\/strong><br><strong>Proiezione del film documentario su Paul Val\u00e9ry e visita guidata alla mostra con il dott. Salvator \u017ditko<\/strong><\/p>\n\n\n\n<p><strong>\u010cetrtek , 13. november 2025, ob 17.00 \/&nbsp;Gioved\u00ec 13 novembre 2025, alle ore 17.00<\/strong><br><strong>Pokrajinski muzej Koper, Paviljon novej\u0161e zgodovine \/ Museo Regionale di Capodistria, Padiglione di Storia Contemporanea<\/strong><\/p>\n\n\n\n<p>Pokrajinski muzej Koper vabi na ogled dokumentarnega filma o francoskem pesniku, esejistu in mislecu&nbsp;<strong>Paulu Val\u00e9ryju (1871\u20131945)<\/strong>, enem najvidnej\u0161ih ustvarjalcev evropske moderne.<br>Il Museo Regionale di Capodistria invita alla proiezione del film documentario dedicato al poeta, saggista e pensatore francese&nbsp;<strong>Paul Val\u00e9ry (1871\u20131945)<\/strong>, una delle figure pi\u00f9 eminenti della modernit\u00e0 europea.<\/p>\n\n\n\n<p>Po projekciji bo sledilo vodstvo po razstavi z dr. Salvatorjem \u017ditkom, avtorjem biografske monografije&nbsp;<em>Paul Val\u00e9ry (1871\u20131945): njegov koprsko-tr\u017ea\u0161ki rod in odnos do evropskega duha med svetovnima vojnama.<\/em><br>Dopo la proiezione seguir\u00e0 una&nbsp;<strong>visita guidata alla mostra con il dott. Salvator \u017ditko<\/strong>, autore della monografia biografica&nbsp;<em>Paul Val\u00e9ry (1871\u20131945): le sue origini capodistriano-triestine e il rapporto con lo spirito europeo tra le due guerre mondiali.<\/em><\/p>\n\n\n\n<p>Dogodek ponuja prilo\u017enost za poglobljen vpogled v \u017eivljenje in delo umetnika, katerega korenine segajo tudi v koprsko-tr\u017ea\u0161ki prostor, ter v razmislek o njegovem razumevanju evropskega duha v burnem obdobju prve polovice 20. stoletja.<br>L\u2019evento offre un\u2019occasione per approfondire la vita e l\u2019opera di un artista le cui radici affondano anche nel contesto capodistriano e triestino, nonch\u00e9 per riflettere sulla sua interpretazione dello spirito europeo in un periodo turbolento della prima met\u00e0 del XX secolo.<\/p>\n\n\n\n<p><strong>Vabljeni! \/ Siete cordialmente invitati!<\/strong><\/p>\n\n\n\n<div style=\"height:20px\" aria-hidden=\"true\" class=\"wp-block-spacer\"><\/div>\n\n\n\n<figure class=\"wp-block-image size-full\"><a href=\"https:\/\/pmk.click.si\/wp-content\/uploads\/2025\/12\/paul-valery.jpg\"><img fetchpriority=\"high\" decoding=\"async\" width=\"600\" height=\"220\" src=\"https:\/\/pmk.click.si\/wp-content\/uploads\/2025\/12\/paul-valery.jpg\" alt=\"Slika - portret Paula Valeryja\" class=\"wp-image-828\" srcset=\"https:\/\/pokrajinskimuzejkoper.si\/wp-content\/uploads\/2025\/12\/paul-valery.jpg 600w, https:\/\/pokrajinskimuzejkoper.si\/wp-content\/uploads\/2025\/12\/paul-valery-300x110.jpg 300w\" sizes=\"(max-width: 600px) 100vw, 600px\" \/><\/a><\/figure>","protected":false},"excerpt":{"rendered":"<p>VABILO \/ INVITO Ogled dokumentarnega filma o Paulu Val\u00e9ryju in vodstvo po razstavi z dr. Salvatorjem \u017ditkomProiezione del film documentario su Paul Val\u00e9ry e visita guidata alla mostra con il dott. Salvator \u017ditko \u010cetrtek , 13. november 2025, ob 17.00 \/&nbsp;Gioved\u00ec 13 novembre 2025, alle ore 17.00Pokrajinski muzej Koper, Paviljon novej\u0161e zgodovine \/ Museo Regionale [&hellip;]<\/p>\n","protected":false},"author":1,"featured_media":829,"comment_status":"open","ping_status":"open","sticky":false,"template":"","format":"standard","meta":{"_acf_changed":false,"inline_featured_image":false,"_monsterinsights_skip_tracking":false,"_monsterinsights_sitenote_active":false,"_monsterinsights_sitenote_note":"","_monsterinsights_sitenote_category":0,"footnotes":""},"categories":[41],"tags":[],"class_list":["post-827","post","type-post","status-publish","format-standard","has-post-thumbnail","hentry","category-dogodki"],"acf":[],"aioseo_notices":[],"_links":{"self":[{"href":"https:\/\/pokrajinskimuzejkoper.si\/en\/wp-json\/wp\/v2\/posts\/827","targetHints":{"allow":["GET"]}}],"collection":[{"href":"https:\/\/pokrajinskimuzejkoper.si\/en\/wp-json\/wp\/v2\/posts"}],"about":[{"href":"https:\/\/pokrajinskimuzejkoper.si\/en\/wp-json\/wp\/v2\/types\/post"}],"author":[{"embeddable":true,"href":"https:\/\/pokrajinskimuzejkoper.si\/en\/wp-json\/wp\/v2\/users\/1"}],"replies":[{"embeddable":true,"href":"https:\/\/pokrajinskimuzejkoper.si\/en\/wp-json\/wp\/v2\/comments?post=827"}],"version-history":[{"count":1,"href":"https:\/\/pokrajinskimuzejkoper.si\/en\/wp-json\/wp\/v2\/posts\/827\/revisions"}],"predecessor-version":[{"id":830,"href":"https:\/\/pokrajinskimuzejkoper.si\/en\/wp-json\/wp\/v2\/posts\/827\/revisions\/830"}],"wp:featuredmedia":[{"embeddable":true,"href":"https:\/\/pokrajinskimuzejkoper.si\/en\/wp-json\/wp\/v2\/media\/829"}],"wp:attachment":[{"href":"https:\/\/pokrajinskimuzejkoper.si\/en\/wp-json\/wp\/v2\/media?parent=827"}],"wp:term":[{"taxonomy":"category","embeddable":true,"href":"https:\/\/pokrajinskimuzejkoper.si\/en\/wp-json\/wp\/v2\/categories?post=827"},{"taxonomy":"post_tag","embeddable":true,"href":"https:\/\/pokrajinskimuzejkoper.si\/en\/wp-json\/wp\/v2\/tags?post=827"}],"curies":[{"name":"wp","href":"https:\/\/api.w.org\/{rel}","templated":true}]}}